{"id":212,"date":"2018-12-24T12:00:48","date_gmt":"2018-12-24T11:00:48","guid":{"rendered":"http:\/\/borgs.fr\/?p=212"},"modified":"2019-01-18T08:50:48","modified_gmt":"2019-01-18T07:50:48","slug":"relativite","status":"publish","type":"post","link":"http:\/\/borgs.fr\/?p=212","title":{"rendered":"Relativit\u00e9"},"content":{"rendered":"<p>Tous les travaux d&rsquo;\u00e9tudes de notre univers dans l&rsquo;infiniment grand, mais aussi dans l&rsquo;infiniment petit, ont \u00e9t\u00e9 chamboul\u00e9s par le concept avanc\u00e9 par A. Einstein.<\/p>\n<p>Changement d&rsquo;\u00e9tat quantique&#8230;<\/p>\n<p>Changement d&rsquo;\u00e9chelle temporelles&#8230;<\/p>\n<p>&#8230; pr\u00e9cisions&#8230;<\/p>\n<p>Comme on peut le voir dans les deux cas, le fait d&rsquo;observer un syst\u00e8me influence directement la d\u00e9finition de ce qui est observ\u00e9.<\/p>\n<p>Alors, qu&rsquo;est ce que c&rsquo;est qu&rsquo;observer ? ?<\/p>\n<p>As-t-on une\/plusieurs d\u00e9finitions de cette activit\u00e9, mais aussi qu&rsquo;elles peuvent \u00eatre les d\u00e9finitions qui permettraient d&rsquo;apporter les exp\u00e9riences qui permettrait v\u00e9rifier l&rsquo;influence qui se produit au niveau quantique et au niveau du temps par la gravit\u00e9.<\/p>\n<p>Certains disent que l&rsquo;univers tout entier n&rsquo;existe que parce qu&rsquo;il est observ\u00e9&#8230; C&rsquo;est \u00e0 entendre avec plusieurs nuances<\/p>\n<p>Peut \u00eatre y a-t-il un fond de v\u00e9rit\u00e9, mais qu&rsquo;il faudrait le comprendre autrement&#8230;<\/p>\n<p>Tour d&rsquo;abord ce n&rsquo;est pas parce qu&rsquo;une exp\u00e9rience \u00e0 montrer que les \u00e9lectrons se comporte comme une onde lorsqu&rsquo;on tente de mesurer leur trajectoires que cela est valable pour tout ni \u00e0 tout les niveaux. Il faudrait cesser l&rsquo;extr\u00e9misme scientifique, qui a trop tendance \u00e0 s&rsquo;exprimer par la recherche du grand tout.<\/p>\n<p>&#8230; pr\u00e9cisions&#8230;<\/p>\n<p>Si nous parvenons \u00e0 fournir une d\u00e9finition de l&rsquo;observation et que cela r\u00e9soud les influences qu&rsquo;elle produit sur le quantique et permet de comprendre son alt\u00e9ration par la gravit\u00e9, nous aurions alors un nouvel outil pour proposer des liens entre les niveaux quantiques et les niveaux macro-universel.<\/p>\n","protected":false},"excerpt":{"rendered":"<p>Tous les travaux d&rsquo;\u00e9tudes de notre univers dans l&rsquo;infiniment grand, mais aussi dans l&rsquo;infiniment petit, ont \u00e9t\u00e9 chamboul\u00e9s par le concept avanc\u00e9 par A. Einstein. Changement d&rsquo;\u00e9tat quantique&#8230; Changement d&rsquo;\u00e9chelle temporelles&#8230; &#8230; pr\u00e9cisions&#8230; Comme on peut le voir dans les deux cas, le fait d&rsquo;observer un syst\u00e8me influence directement la d\u00e9finition de ce qui est &hellip; <\/p>\n<p class=\"link-more\"><a href=\"http:\/\/borgs.fr\/?p=212\" class=\"more-link\">Continuer la lecture<span class=\"screen-reader-text\"> de &laquo;&nbsp;Relativit\u00e9&nbsp;&raquo;<\/span><\/a><\/p>\n","protected":false},"author":1,"featured_media":0,"comment_status":"open","ping_status":"open","sticky":false,"template":"","format":"standard","meta":[],"categories":[1],"tags":[],"_links":{"self":[{"href":"http:\/\/borgs.fr\/index.php?rest_route=\/wp\/v2\/posts\/212"}],"collection":[{"href":"http:\/\/borgs.fr\/index.php?rest_route=\/wp\/v2\/posts"}],"about":[{"href":"http:\/\/borgs.fr\/index.php?rest_route=\/wp\/v2\/types\/post"}],"author":[{"embeddable":true,"href":"http:\/\/borgs.fr\/index.php?rest_route=\/wp\/v2\/users\/1"}],"replies":[{"embeddable":true,"href":"http:\/\/borgs.fr\/index.php?rest_route=%2Fwp%2Fv2%2Fcomments&post=212"}],"version-history":[{"count":2,"href":"http:\/\/borgs.fr\/index.php?rest_route=\/wp\/v2\/posts\/212\/revisions"}],"predecessor-version":[{"id":221,"href":"http:\/\/borgs.fr\/index.php?rest_route=\/wp\/v2\/posts\/212\/revisions\/221"}],"wp:attachment":[{"href":"http:\/\/borgs.fr\/index.php?rest_route=%2Fwp%2Fv2%2Fmedia&parent=212"}],"wp:term":[{"taxonomy":"category","embeddable":true,"href":"http:\/\/borgs.fr\/index.php?rest_route=%2Fwp%2Fv2%2Fcategories&post=212"},{"taxonomy":"post_tag","embeddable":true,"href":"http:\/\/borgs.fr\/index.php?rest_route=%2Fwp%2Fv2%2Ftags&post=212"}],"curies":[{"name":"wp","href":"https:\/\/api.w.org\/{rel}","templated":true}]}}